{"id":7321,"date":"2026-04-30T12:52:47","date_gmt":"2026-04-30T12:52:47","guid":{"rendered":"https:\/\/www.vaszarykeptar.hu\/?p=7321"},"modified":"2026-04-30T12:52:48","modified_gmt":"2026-04-30T12:52:48","slug":"szinek-es-formak-univerzuma-ungvari-karoly-es-ungvari-judit-kiallitasa","status":"publish","type":"post","link":"https:\/\/www.vaszarykeptar.hu\/?p=7321","title":{"rendered":"Sz\u00ednek \u00e9s form\u00e1k univerzuma \/\/  Ungv\u00e1ri K\u00e1roly \u00e9s Ungv\u00e1ri Judit ki\u00e1ll\u00edt\u00e1sa"},"content":{"rendered":"\n<p>MEGNYIT\u00d3 \/ 2026. 05. 9. 15.00 \u00f3ra<br>K\u00f6sz\u00f6nt\u0151t mond: Szita K\u00e1roly polg\u00e1rmester<br>A ki\u00e1ll\u00edt\u00e1st megnyitja: K\u00e1pl\u00e1n G\u00e9za k\u00f6lt\u0151, performer, a ki\u00e1ll\u00edt\u00e1s kur\u00e1tora<\/p>\n\n\n\n<hr class=\"wp-block-separator\"\/>\n\n\n\n<p><strong>Ungv\u00e1ri K\u00e1roly<\/strong><br>(Zal\u00e1ta, 1924. m\u00e1rcius 10. &#8211; Mosd\u00f3s, 2000. m\u00e1rcius 3.)<\/p>\n\n\n\n<p>A Baranya megyei Zal\u00e1t\u00e1n sz\u00fcletett. Sz\u00fclei Brass\u00f3b\u00f3l telep\u00fcltek \u00e1t Magyarorsz\u00e1gra. H\u00e1rom testv\u00e9r\u00e9vel nagyon szeg\u00e9nyes k\u00f6r\u00fclm\u00e9nyek k\u00f6z\u00f6tt \u00e9lt. M\u00e1r gyermekkor\u00e1ban is sokat rajzolt \u00e9s festegetett. Katonak\u00e9nt harcolt a II. vil\u00e1gh\u00e1bor\u00faban, majd a hadifogs\u00e1g embertelen k\u00f6r\u00fclm\u00e9nyeit kellett elviselnie. 1946-ban, hazat\u00e9r\u00e9s\u00e9t k\u00f6vet\u0151en g\u00e9pkocsivezet\u0151k\u00e9nt dolgozott a kaposv\u00e1ri k\u00f3rh\u00e1zban. A munka mellett tanult \u00e9s alkotott. Bal\u00e1zs J\u00e1nos m\u0171term\u00e9ben Ger\u0151 K\u00e1zm\u00e9r \u00e9s Ruisz Gy\u00f6rgy voltak a mesterei. Bern\u00e1th Aur\u00e9l m\u0171term\u00e9ben nagy seg\u00edts\u00e9get kapott a m\u0171v\u00e9szi fejl\u0151d\u00e9s\u00e9hez.<br>1963-ban felvett\u00e9k a K\u00e9pz\u0151m\u0171v\u00e9szeti Alaphoz. Ezt k\u00f6vet\u0151en rendszeresen \u00e1ll\u00edtott\u00e1k ki k\u00e9peit. 1971\u2013ben eg\u00e9szs\u00e9gi \u00e1llapot\u00e1ra tekintettel lesz\u00e1zal\u00e9kolj\u00e1k. Ett\u0151l az id\u0151t\u0151l kezd\u0151d\u0151en minden idej\u00e9t a m\u0171v\u00e9szetnek szentelte.<br>1990-ben a Kapos Art tagja lett, majd a Somogyi Alkot\u00f3m\u0171v\u00e9szek Egyes\u00fclete \u00e9s 1998-ban a Magyar Fest\u0151k T\u00e1rsas\u00e1ga vette fel soraiba. A Kapos Art adott lehet\u0151s\u00e9get a k\u00fclf\u00f6ldi ki\u00e1ll\u00edt\u00e1sokon val\u00f3 r\u00e9szv\u00e9telre.<br>Munk\u00e1i k\u00f6z\u00e9p\u00fcletekben \u00e9s mag\u00e1ngy\u0171jtem\u00e9nyekben szerte az orsz\u00e1gban, valamint Glind\u00e9ben (N\u00e9metorsz\u00e1g) \u00e9s Enn\u00e1ban (Olaszorsz\u00e1g) tal\u00e1lhat\u00f3ak meg.<br>Kov\u00e1ts Albert \u00edrta r\u00f3la: \u201eAki ismerte, tudja, vele megismerkedni, \u0151t ismerni kett\u0151s \u00f6r\u00f6m volt: az ember \u00e9s m\u0171vei. K\u00e9pek, \u00e9s aki m\u00f6g\u00f6tt\u00fck \u00e1ll. \u2026 Mert egyetlen tekintetre fel lehet m\u00e9rni a kifejez\u00e9s \u00e9s a min\u0151s\u00e9g egyedis\u00e9g\u00e9t \u00e9s rendk\u00edv\u00fclis\u00e9g\u00e9t. A szuver\u00e9n tehets\u00e9g \u00e1t\u00fct\u0151 erej\u00e9t. Egy eredeti fest\u0151i nyelv zeng\u00e9s\u00e9t,\u2026&#8221;<\/p>\n\n\n\n<hr class=\"wp-block-separator\"\/>\n\n\n\n<p><strong>Ungv\u00e1ri Judit<\/strong><\/p>\n\n\n\n<p>Kaposv\u00e1ron sz\u00fcletett, tanulm\u00e1nyai, emberi \u00e9s m\u0171v\u00e9szi kapcsolatai j\u00f3r\u00e9szt idek\u00f6tik. 1967-ben \u00e9retts\u00e9gizett. M\u0171szaki rajzol\u00f3k\u00e9nt, grafikusk\u00e9nt dolgozott. Munka mellett elv\u00e9gezte a Kaposv\u00e1ri Tan\u00edt\u00f3k\u00e9pz\u0151 F\u0151iskola tan\u00edt\u00f3i alapszak\u00e1t. 1976-t\u00f3l Osztop\u00e1nban napk\u00f6zis nevel\u0151k\u00e9nt m\u0171k\u00f6d\u00f6tt, de emellett a fels\u0151 tagozatosok rajzi ismereteit is b\u0151v\u00edtette.<br>Ez id\u0151 t\u00e1jt volt els\u0151 ki\u00e1ll\u00edt\u00e1sa a kaposv\u00e1ri TIT-sz\u00e9kh\u00e1zban. 1981-t\u0151l Kaposm\u00e9r\u0151n, a Hunyadi J\u00e1nos \u00c1ltal\u00e1nos Iskol\u00e1ban tan\u00edtott, majd a Kaposv\u00e1ri Tan\u00edt\u00f3k\u00e9pz\u0151 F\u0151iskola rajztan\u00e1r szak\u00e1nak elv\u00e9gz\u00e9se ut\u00e1n rajztan\u00e1rk\u00e9nt tev\u00e9kenykedett nyugd\u00edjaz\u00e1s\u00e1ig.<br>M\u0171v\u00e9szi, tan\u00e1ri gondolkod\u00e1sm\u00f3dj\u00e1t meghat\u00e1rozta k\u00f6zrem\u0171k\u00f6d\u00e9se a Zsolnai J\u00f3zsef vezette k\u00e9pess\u00e9gfejleszt\u0151 programban; ezen bel\u00fcl a n\u00e9prajz, t\u00e1rgyi n\u00e9prajz tananyag\u00e1t gondozta. F\u00e9rj\u00e9vel, n\u00e9hai Moln\u00e1r Tiborral k\u00f6z\u00f6sen a \u201eFellegajt\u00f3 &#8211; Nyitogat\u00f3\u201d c\u00edm\u0171 munk\u00e1ltat\u00f3 tank\u00f6nyvet \u00edrt\u00e1k \u00e9s rajzolt\u00e1k.<br>Tanulm\u00e1nyokat folytatott a Budapesti M\u0171szaki Egyetem sz\u00edndinamikai szak\u00e1n, ahol 2001-ben sz\u00edndinamikai szak\u00e9rt\u0151i v\u00e9gzetts\u00e9g szerzett.<br>Rendszeresen r\u00e9szt vett csoportos ki\u00e1ll\u00edt\u00e1sokon. 2005-ben az V. Tavaszi T\u00e1rlaton k\u00fcl\u00f6nd\u00edjat kapott. Egy\u00e9ni ki\u00e1ll\u00edt\u00e1sa volt a Kling J\u00f3zsef Gal\u00e9ri\u00e1ban Kaposf\u00fcreden, a Megyei K\u00f6nyvt\u00e1rban Kaposv\u00e1ron.<br>Jelenleg feln\u0151tteket tan\u00edt rajzolni \u00e9s festeni B\u00e1rdudvarnokon.<\/p>\n\n\n\n<figure class=\"wp-block-image size-large\"><img loading=\"lazy\" width=\"975\" height=\"1024\" src=\"https:\/\/www.vaszarykeptar.hu\/wp-content\/uploads\/2026\/04\/szinek_es_formak_meghivo_w-975x1024.jpg\" alt=\"\" class=\"wp-image-7323\" srcset=\"https:\/\/www.vaszarykeptar.hu\/wp-content\/uploads\/2026\/04\/szinek_es_formak_meghivo_w-975x1024.jpg 975w, https:\/\/www.vaszarykeptar.hu\/wp-content\/uploads\/2026\/04\/szinek_es_formak_meghivo_w-286x300.jpg 286w, https:\/\/www.vaszarykeptar.hu\/wp-content\/uploads\/2026\/04\/szinek_es_formak_meghivo_w-768x807.jpg 768w, https:\/\/www.vaszarykeptar.hu\/wp-content\/uploads\/2026\/04\/szinek_es_formak_meghivo_w.jpg 1142w\" sizes=\"(max-width: 975px) 100vw, 975px\" \/><\/figure>\n\n\n\n<p>Ungv\u00e1ri K\u00e1roly ki\u00e1ll\u00edt\u00e1sa j\u00fanius 13-ig,<br>Ungv\u00e1ri Judit ki\u00e1ll\u00edt\u00e1sa m\u00e1jus 23-ig tekinthet\u0151 meg.<\/p>\n\n\n\n<p><\/p>\n\n\n\n<p>A l\u00e1togat\u00f3k r\u00e9szv\u00e9tel\u00fckkel elfogadj\u00e1k, hogy a programok sor\u00e1n hang- \u00e9s k\u00e9pfelv\u00e9telek k\u00e9sz\u00fclnek,<br>amelyek a Csiky Gergely Sz\u00ednh\u00e1z \u00e9s Kultur\u00e1lis K\u00f6zpont K\u00f6zhaszn\u00fa Nonprofit Kft.<br>\u00e9s a Vaszary K\u00e9pt\u00e1r fel\u00fcletein prom\u00f3ci\u00f3s c\u00e9llal felhaszn\u00e1lhat\u00f3ak.<\/p>\n\n\n\n<p><\/p>\n","protected":false},"excerpt":{"rendered":"<p>MEGNYIT\u00d3 \/ 2026. 05. 9. 15.00 \u00f3raK\u00f6sz\u00f6nt\u0151t mond: Szita K\u00e1roly polg\u00e1rmesterA ki\u00e1ll\u00edt\u00e1st megnyitja: K\u00e1pl\u00e1n G\u00e9za k\u00f6lt\u0151, performer, a ki\u00e1ll\u00edt\u00e1s kur\u00e1tora Ungv\u00e1ri K\u00e1roly(Zal\u00e1ta, 1924. m\u00e1rcius 10.&hellip;<\/p>\n","protected":false},"author":4,"featured_media":7322,"comment_status":"open","ping_status":"open","sticky":false,"template":"","format":"standard","meta":[],"categories":[166,174,171],"tags":[],"_links":{"self":[{"href":"https:\/\/www.vaszarykeptar.hu\/index.php?rest_route=\/wp\/v2\/posts\/7321"}],"collection":[{"href":"https:\/\/www.vaszarykeptar.hu\/index.php?rest_route=\/wp\/v2\/posts"}],"about":[{"href":"https:\/\/www.vaszarykeptar.hu\/index.php?rest_route=\/wp\/v2\/types\/post"}],"author":[{"embeddable":true,"href":"https:\/\/www.vaszarykeptar.hu\/index.php?rest_route=\/wp\/v2\/users\/4"}],"replies":[{"embeddable":true,"href":"https:\/\/www.vaszarykeptar.hu\/index.php?rest_route=%2Fwp%2Fv2%2Fcomments&post=7321"}],"version-history":[{"count":2,"href":"https:\/\/www.vaszarykeptar.hu\/index.php?rest_route=\/wp\/v2\/posts\/7321\/revisions"}],"predecessor-version":[{"id":7325,"href":"https:\/\/www.vaszarykeptar.hu\/index.php?rest_route=\/wp\/v2\/posts\/7321\/revisions\/7325"}],"wp:featuredmedia":[{"embeddable":true,"href":"https:\/\/www.vaszarykeptar.hu\/index.php?rest_route=\/wp\/v2\/media\/7322"}],"wp:attachment":[{"href":"https:\/\/www.vaszarykeptar.hu\/index.php?rest_route=%2Fwp%2Fv2%2Fmedia&parent=7321"}],"wp:term":[{"taxonomy":"category","embeddable":true,"href":"https:\/\/www.vaszarykeptar.hu\/index.php?rest_route=%2Fwp%2Fv2%2Fcategories&post=7321"},{"taxonomy":"post_tag","embeddable":true,"href":"https:\/\/www.vaszarykeptar.hu\/index.php?rest_route=%2Fwp%2Fv2%2Ftags&post=7321"}],"curies":[{"name":"wp","href":"https:\/\/api.w.org\/{rel}","templated":true}]}}